{"id":109668,"date":"2023-05-03T13:26:19","date_gmt":"2023-05-03T13:26:19","guid":{"rendered":"https:\/\/crsebo.chloeperiard.com\/?p=109668"},"modified":"2025-09-03T16:09:47","modified_gmt":"2025-09-03T16:09:47","slug":"3-choses-que-vous-devriez-savoir-sur-la-chasse-deau-la-photosynthese-artificielle-et-lactivite-volcanique-sur-une-lune-de-jupiter","status":"publish","type":"post","link":"https:\/\/crsebo.ca\/?p=109668","title":{"rendered":"Les stagiaires du SEBO ont pr\u00e9sent\u00e9 leur projet de recherche"},"content":{"rendered":"<p>[et_pb_section fb_built=\u00a0\u00bb1&Prime; _builder_version=\u00a0\u00bb4.18.0&Prime; _module_preset=\u00a0\u00bbdefault\u00a0\u00bb global_colors_info=\u00a0\u00bb{}\u00a0\u00bb][et_pb_row _builder_version=\u00a0\u00bb4.24.3&Prime; _module_preset=\u00a0\u00bbdefault\u00a0\u00bb global_colors_info=\u00a0\u00bb{}\u00a0\u00bb][et_pb_column type=\u00a0\u00bb4_4&Prime; _builder_version=\u00a0\u00bb4.24.3&Prime; _module_preset=\u00a0\u00bbdefault\u00a0\u00bb global_colors_info=\u00a0\u00bb{}\u00a0\u00bb][et_pb_text _builder_version=\u00a0\u00bb4.24.3&Prime; _module_preset=\u00a0\u00bbdefault\u00a0\u00bb custom_margin=\u00a0\u00bb||-27px|||\u00a0\u00bb custom_padding=\u00a0\u00bb||0px|||\u00a0\u00bb global_colors_info=\u00a0\u00bb{}\u00a0\u00bb]<\/p>\n<h1><strong>Le 1er mai 2024, les stagiaires du SEBO ont pr\u00e9sent\u00e9 leur projet de recherche devant leurs coll\u00e8gues et membres de la communaut\u00e9 du C\u00e9gep de l\u2019Outaouais lors du 2e Symposium de recherche \u00e9tudiante :<\/strong><\/h1>\n<p>[\/et_pb_text][\/et_pb_column][\/et_pb_row][et_pb_row _builder_version=\u00a0\u00bb4.24.3&Prime; _module_preset=\u00a0\u00bbdefault\u00a0\u00bb global_colors_info=\u00a0\u00bb{}\u00a0\u00bb][et_pb_column type=\u00a0\u00bb4_4&Prime; _builder_version=\u00a0\u00bb4.24.3&Prime; _module_preset=\u00a0\u00bbdefault\u00a0\u00bb global_colors_info=\u00a0\u00bb{}\u00a0\u00bb][et_pb_text _builder_version=\u00a0\u00bb4.24.3&Prime; _module_preset=\u00a0\u00bbdefault\u00a0\u00bb global_colors_info=\u00a0\u00bb{}\u00a0\u00bb]<\/p>\n<p>&nbsp;<\/p>\n<h1><strong>Projet :<\/strong> <i>L\u2019application Co2pilote &#8211; calcul de l\u2019empreinte carbone personnelle<\/i><\/h1>\n<p>Par Eileen Wen, \u00c9lodie Houle-Cyr et Noah Rivest<\/p>\n<p><strong>Supervision :<\/strong> Olivier Rousseau, enseignant-chercheur au SEBO<\/p>\n<p>[\/et_pb_text][\/et_pb_column][\/et_pb_row][et_pb_row _builder_version=\u00a0\u00bb4.24.3&Prime; _module_preset=\u00a0\u00bbdefault\u00a0\u00bb custom_padding=\u00a0\u00bb14px|||||\u00a0\u00bb global_colors_info=\u00a0\u00bb{}\u00a0\u00bb][et_pb_column type=\u00a0\u00bb4_4&Prime; _builder_version=\u00a0\u00bb4.24.3&Prime; _module_preset=\u00a0\u00bbdefault\u00a0\u00bb global_colors_info=\u00a0\u00bb{}\u00a0\u00bb][et_pb_image src=\u00a0\u00bbhttps:\/\/crsebo.ca\/wp-content\/uploads\/2024\/11\/Photo-2_0001_Calque-1.jpg\u00a0\u00bb title_text=\u00a0\u00bbPhoto-stagiaires\u00a0\u00bb _builder_version=\u00a0\u00bb4.24.3&Prime; _module_preset=\u00a0\u00bbdefault\u00a0\u00bb global_colors_info=\u00a0\u00bb{}\u00a0\u00bb][\/et_pb_image][et_pb_text _builder_version=\u00a0\u00bb4.24.3&Prime; _module_preset=\u00a0\u00bbdefault\u00a0\u00bb global_colors_info=\u00a0\u00bb{}\u00a0\u00bb]<\/p>\n<p><span data-scheme-color=\"@666666,,\" data-usefontface=\"true\" data-contrast=\"none\" class=\"TextRun SCXP169484375 BCX4\" xml:lang=\"FR-CA\" lang=\"FR-CA\"><span class=\"NormalTextRun SCXP169484375 BCX4\">\u00c9lodie Houle-Cyr, Eileen Wen et Noah Rivest<\/span><\/span><span class=\"EOP SCXP169484375 BCX4\">\u200b<\/span><\/p>\n<p>[\/et_pb_text][\/et_pb_column][\/et_pb_row][et_pb_row _builder_version=\u00a0\u00bb4.24.3&Prime; _module_preset=\u00a0\u00bbdefault\u00a0\u00bb global_colors_info=\u00a0\u00bb{}\u00a0\u00bb][et_pb_column type=\u00a0\u00bb4_4&Prime; _builder_version=\u00a0\u00bb4.24.3&Prime; _module_preset=\u00a0\u00bbdefault\u00a0\u00bb global_colors_info=\u00a0\u00bb{}\u00a0\u00bb][et_pb_text _builder_version=\u00a0\u00bb4.24.3&Prime; _module_preset=\u00a0\u00bbdefault\u00a0\u00bb custom_margin=\u00a0\u00bb24px|||||\u00a0\u00bb global_colors_info=\u00a0\u00bb{}\u00a0\u00bb]<\/p>\n<p>&nbsp;<\/p>\n<h1><strong>Projet :<\/strong> <i>D\u00e9veloppement et optimisation de la m\u00e9thodologie d\u2019analyse de m\u00e9taux au laboratoire pour la caract\u00e9risation physico-chimique et \u00e9cologique de sites contamin\u00e9s en m\u00e9taux lourds<\/i><\/h1>\n<p>Par Guillaume Labrecque et Ga\u00eblle Tremblay<\/p>\n<p>Supervision: Komi Egle et Nabil Ketata, enseignants-chercheurs au SEBO<\/p>\n<p>Avec le soutien technique d\u2019Olivier Sabourin<\/p>\n<p>[\/et_pb_text][\/et_pb_column][\/et_pb_row][et_pb_row _builder_version=\u00a0\u00bb4.24.3&Prime; _module_preset=\u00a0\u00bbdefault\u00a0\u00bb global_colors_info=\u00a0\u00bb{}\u00a0\u00bb][et_pb_column type=\u00a0\u00bb4_4&Prime; _builder_version=\u00a0\u00bb4.24.3&Prime; _module_preset=\u00a0\u00bbdefault\u00a0\u00bb global_colors_info=\u00a0\u00bb{}\u00a0\u00bb][et_pb_image src=\u00a0\u00bbhttps:\/\/crsebo.ca\/wp-content\/uploads\/2024\/11\/Photo-2_0000_Calque-2.jpg\u00a0\u00bb title_text=\u00a0\u00bbPhoto-stagiaires-02&Prime; _builder_version=\u00a0\u00bb4.24.3&Prime; _module_preset=\u00a0\u00bbdefault\u00a0\u00bb global_colors_info=\u00a0\u00bb{}\u00a0\u00bb][\/et_pb_image][et_pb_text _builder_version=\u00a0\u00bb4.24.3&Prime; _module_preset=\u00a0\u00bbdefault\u00a0\u00bb global_colors_info=\u00a0\u00bb{}\u00a0\u00bb]<\/p>\n<p><span data-usefontface=\"false\" data-contrast=\"none\" class=\"TextRun SCXP24092196 BCX4\" xml:lang=\"FR-CA\" lang=\"FR-CA\"><span class=\"NormalTextRun SCXP24092196 BCX4\">Ga\u00eblle Tremblay et Guillaume Labrecque<\/span><\/span><span class=\"EOP SCXP24092196 BCX4\">\u200b<\/span><\/p>\n<p>[\/et_pb_text][\/et_pb_column][\/et_pb_row][\/et_pb_section]<\/p>\n","protected":false},"excerpt":{"rendered":"<p>Le 1er mai 2024, les stagiaires du SEBO ont pr\u00e9sent\u00e9 leur projet de recherche devant leurs coll\u00e8gues et membres de la communaut\u00e9 du C\u00e9gep de l\u2019Outaouais lors du 2e Symposium de recherche \u00e9tudiante :&nbsp; Projet : L\u2019application Co2pilote &#8211; calcul de l\u2019empreinte carbone personnelle Par Eileen Wen, \u00c9lodie Houle-Cyr et Noah Rivest Supervision : Olivier [&hellip;]<\/p>\n","protected":false},"author":1,"featured_media":109589,"comment_status":"open","ping_status":"open","sticky":true,"template":"","format":"standard","meta":{"_et_pb_use_builder":"on","_et_pb_old_content":"","_et_gb_content_width":"","footnotes":""},"categories":[2],"tags":[],"class_list":["post-109668","post","type-post","status-publish","format-standard","has-post-thumbnail","hentry","category-environnement"],"jetpack_featured_media_url":"https:\/\/crsebo.ca\/wp-content\/uploads\/2023\/04\/pexels-polina-tankilevitch-3735769-1-scaled-1.jpg","_links":{"self":[{"href":"https:\/\/crsebo.ca\/index.php?rest_route=\/wp\/v2\/posts\/109668","targetHints":{"allow":["GET"]}}],"collection":[{"href":"https:\/\/crsebo.ca\/index.php?rest_route=\/wp\/v2\/posts"}],"about":[{"href":"https:\/\/crsebo.ca\/index.php?rest_route=\/wp\/v2\/types\/post"}],"author":[{"embeddable":true,"href":"https:\/\/crsebo.ca\/index.php?rest_route=\/wp\/v2\/users\/1"}],"replies":[{"embeddable":true,"href":"https:\/\/crsebo.ca\/index.php?rest_route=%2Fwp%2Fv2%2Fcomments&post=109668"}],"version-history":[{"count":11,"href":"https:\/\/crsebo.ca\/index.php?rest_route=\/wp\/v2\/posts\/109668\/revisions"}],"predecessor-version":[{"id":110801,"href":"https:\/\/crsebo.ca\/index.php?rest_route=\/wp\/v2\/posts\/109668\/revisions\/110801"}],"wp:featuredmedia":[{"embeddable":true,"href":"https:\/\/crsebo.ca\/index.php?rest_route=\/wp\/v2\/media\/109589"}],"wp:attachment":[{"href":"https:\/\/crsebo.ca\/index.php?rest_route=%2Fwp%2Fv2%2Fmedia&parent=109668"}],"wp:term":[{"taxonomy":"category","embeddable":true,"href":"https:\/\/crsebo.ca\/index.php?rest_route=%2Fwp%2Fv2%2Fcategories&post=109668"},{"taxonomy":"post_tag","embeddable":true,"href":"https:\/\/crsebo.ca\/index.php?rest_route=%2Fwp%2Fv2%2Ftags&post=109668"}],"curies":[{"name":"wp","href":"https:\/\/api.w.org\/{rel}","templated":true}]}}